{"id":12494,"date":"2026-06-25T10:29:03","date_gmt":"2026-06-25T08:29:03","guid":{"rendered":"https:\/\/termet.pinmedia.com.pl\/zrownowazony-rozwoj-architektura-i-cieplo\/"},"modified":"2026-06-25T10:29:03","modified_gmt":"2026-06-25T08:29:03","slug":"zrownowazony-rozwoj-architektura-i-cieplo","status":"publish","type":"post","link":"https:\/\/termet.pinmedia.com.pl\/en\/zrownowazony-rozwoj-architektura-i-cieplo\/","title":{"rendered":"Zr\u00f3wnowa\u017cony rozw\u00f3j: architektura i ciep\u0142o"},"content":{"rendered":"<p><b>Ekologiczna architektura, stawiaj\u0105ca na zr\u00f3wnowa\u017cone \u017ar\u00f3d\u0142a ciep\u0142a, wy\u0142ania si\u0119 jako kluczowy nurt w dziedzinie budownictwa przysz\u0142o\u015bci. Jak projektowanie budynk\u00f3w i innowacje w zakresie ogrzewania wzajemnie si\u0119 uzupe\u0142niaj\u0105? Jakie dzia\u0142ania s\u0105 prowadzone, aby zapobiega\u0107 degradacji \u015brodowiska?<\/b><br \/>\n<!--more--><\/p>\n<p><img fetchpriority=\"high\" decoding=\"async\" class=\"alignnone wp-image-476 size-large\" src=\"https:\/\/www.termet.com.pl\/porady-i-wiedza\/wp-content\/uploads\/2023\/08\/panorama-rgb_1132x786-1024x712.jpeg\" alt=\"\" width=\"1024\" height=\"712\" \/><\/p>\n<p><span style=\"font-weight: 400;\">Wraz z narastaj\u0105cymi wyzwaniami zwi\u0105zanymi z kryzysem klimatycznym, architekci na ca\u0142ym \u015bwiecie poszukuj\u0105 innowacyjnych rozwi\u0105za\u0144, kt\u00f3re nie tylko zapewni\u0105 energooszcz\u0119dno\u015b\u0107, ale r\u00f3wnie\u017c zminimalizuj\u0105 negatywny wp\u0142yw budownictwa na \u015brodowisko. Jak wygl\u0105da to z perspektywy Polski? O dzia\u0142aniach podejmowanych przez Stowarzyszenie Architekt\u00f3w Rzeczypospolitej Polskiej opowiedzia\u0142a prezeska SARP, Agnieszka Kalinowska-So\u0142tys.\u00a0<\/span><\/p>\n<p><span style=\"font-weight: 400;\">-Zr\u00f3wnowa\u017cony rozw\u00f3j to poj\u0119cie, kt\u00f3re ju\u017c znali\u015bmy w latach 90-tych, ale w\u00f3wczas, jeszcze nie w pe\u0142ni wiedzieli\u015bmy, z czym on si\u0119 wi\u0105\u017ce. Mamy si\u0119 rozwija\u0107, ale w spos\u00f3b zr\u00f3wnowa\u017cony, czyli zr\u00f3wnowa\u017cy\u0107 negatywne oddzia\u0142ywania na \u015brodowisko. To bardzo istotne w budownictwie, bo jak wiemy, oko\u0142o 38 do 40% emisji gaz\u00f3w cieplarnianych zwi\u0105zane jest z budynkami: ze wznoszeniem, z u\u017cytkowaniem, z utylizacj\u0105, z produkcj\u0105 materia\u0142\u00f3w budowlanych. Dostrzegam tu olbrzymi problem, bo wiemy, \u017ce ten nadmiar gaz\u00f3w cieplarnianych w atmosferze powoduje, \u017ce podgrzewamy nasz\u0105 planet\u0119, \u017ce mamy w\u0142a\u015bciwie katastrof\u0119 klimatyczn\u0105 i musimy zrobi\u0107 wszystko, \u017ceby ograniczy\u0107 emisj\u0119 gaz\u00f3w cieplarnianych. Stowarzyszenia Architekt\u00f3w Polskich ma \u015bwiadomo\u015b\u0107, \u017ce to w\u0142a\u015bnie od architekt\u00f3w powinno si\u0119 zacz\u0105\u0107 edukacj\u0119 w tym zakresie\u00a0 i w 2015 roku stworzyli\u015bmy zesp\u00f3\u0142 do spraw \u015brodowiska i ochrony klimatu, sk\u0142adaj\u0105cy si\u0119 z wi\u0119kszo\u015bci, z architekt\u00f3w, ale te\u017c z projektant\u00f3w bran\u017cowych, bo tutaj niezwykle istotna jest wymiana wiedzy pomi\u0119dzy in\u017cynierami z bran\u017cy instalacyjnej, a architektami. Je\u017celi to nie idzie w parze, to nie mamy dobrych efekt\u00f3w<\/span><\/p>\n<p><b>Technologie &#8211; nieod\u0142\u0105czny element zielonej transformacji<\/b><\/p>\n<p><span style=\"font-weight: 400;\">Ekologia jest istotna r\u00f3wnie\u017c dla producent\u00f3w bran\u017cy grzewczej, kt\u00f3ra ma ogromny wp\u0142yw na budownictwo. Trwaj\u0105 poszukiwania rozwi\u0105za\u0144, kt\u00f3re b\u0119d\u0105 przyjazne \u015brodowisku. Przyk\u0142adem takich dzia\u0142a\u0144, mo\u017ce by\u0107 projekt prowadzony przez nas projekt, w kt\u00f3rym wraz z Fuel Cell Poland i Politechnik\u0105 Warszawsk\u0105, pracujemy nad mikrokogeneracj\u0105, kt\u00f3ra pozwoli dostarcza\u0107 energi\u0119 elektryczn\u0105 oraz ciepln\u0105 (pocz\u0105tkowo zasilan\u0105 gazem, a nast\u0119pnie &#8211; wodorem). My r\u00f3wnie\u017c &#8211; podobnie jak architekci, zauwa\u017camy konieczno\u015b\u0107 mi\u0119dzybran\u017cowej wsp\u00f3\u0142pracy.<\/span><\/p>\n<p><span style=\"font-weight: 400;\">-Kszta\u0142towanie zielonej przysz\u0142o\u015bci jest wyzwaniem, z kt\u00f3rym wszyscy si\u0119 mierzymy, dlatego \u0142\u0105czenie si\u0142 w pro\u015brodowiskowych dzia\u0142aniach na pewno zbli\u017cy nas do za\u0142o\u017conych w transformacji energetycznej cel\u00f3w. Jako producent urz\u0105dze\u0144 grzewczych, Termet jest \u015bwiadomy swojej roli w zakresie codziennej odpowiedzialno\u015bci za \u015brodowisko i zdrowie przysz\u0142ych pokole\u0144, dlatego stale rozwijamy ofert\u0119 produktow\u0105 z zakresu produkt\u00f3w OZE, nie zapominaj\u0105c przy tym o intensyfikacji dzia\u0142alno\u015bci szkoleniowej. Systematyczne i rzetelne przekazywanie wiedzy produktowej naszym Partnerom Handlowym, Autoryzowanym Serwisantom, Instalatorom i Projektantom stanowi nadrz\u0119dny cel strategii komunikacji. Powinni\u015bmy by\u0107 przy tym \u015bwiadomi, \u017ce to stworzenie odpowiedniej, zdywersyfikowanej oferty, kt\u00f3ra b\u0119dzie odpowiedzi\u0105 na obecne wymagania przeobra\u017cania energetycznego oraz osi\u0105gni\u0119cie wystarczaj\u0105cego poziomu wykorzystania program\u00f3w wsparcia b\u0119d\u0105 mia\u0142y prze\u0142o\u017cenie na sukces tej transformacji na poziomie spo\u0142ecznym \u2013 m\u00f3wi \u017baneta Lisowska, Kierownik Dzia\u0142u Marketingu Termet S. A.\u00a0<\/span><\/p>\n<p><span style=\"font-weight: 400;\">Wraz z rozwojem technologii i rosn\u0105c\u0105 \u015bwiadomo\u015bci\u0105 spo\u0142ecze\u0144stwa, zielone \u017ar\u00f3d\u0142a ciep\u0142a i zr\u00f3wnowa\u017cona architektura staj\u0105 si\u0119 coraz bardziej dost\u0119pne. Jednak aby osi\u0105gn\u0105\u0107 pe\u0142ny potencja\u0142 tych rozwi\u0105za\u0144, potrzebujemy zaanga\u017cowania wszystkich zainteresowanych stron. Tylko dzi\u0119ki wsp\u00f3\u0142pracy, mo\u017cemy osi\u0105gn\u0105\u0107 za\u0142o\u017cenia zielonej transformacji.<\/span><\/p>\n<p><span style=\"font-weight: 400;\">Informacje o zr\u00f3wnowa\u017conej architekturze znajdziesz te\u017c w filmie na naszym kanale YouTube:<\/span><br \/>\n<center><br \/>\n<iframe title=\"YouTube video player\" src=\"https:\/\/www.youtube.com\/embed\/rqNbzjdSoGI?si=nGSpL_b1svNcHAzd\" width=\"560\" height=\"315\" frameborder=\"0\" allowfullscreen=\"allowfullscreen\"><\/iframe><br \/>\n<\/center><\/p>\n","protected":false},"excerpt":{"rendered":"<p>Ekologiczna architektura, stawiaj\u0105ca na zr\u00f3wnowa\u017cone \u017ar\u00f3d\u0142a ciep\u0142a, wy\u0142ania si\u0119 jako kluczowy nurt w dziedzinie budownictwa przysz\u0142o\u015bci. Jak projektowanie budynk\u00f3w i innowacje w zakresie ogrzewania wzajemnie si\u0119 uzupe\u0142niaj\u0105? Jakie dzia\u0142ania s\u0105 prowadzone, aby zapobiega\u0107 degradacji \u015brodowiska?<\/p>\n","protected":false},"author":2,"featured_media":0,"comment_status":"open","ping_status":"open","sticky":false,"template":"","format":"standard","meta":{"_acf_changed":false,"footnotes":""},"categories":[264],"tags":[],"class_list":["post-12494","post","type-post","status-publish","format-standard","hentry","category-heating"],"acf":[],"_links":{"self":[{"href":"https:\/\/termet.pinmedia.com.pl\/en\/wp-json\/wp\/v2\/posts\/12494","targetHints":{"allow":["GET"]}}],"collection":[{"href":"https:\/\/termet.pinmedia.com.pl\/en\/wp-json\/wp\/v2\/posts"}],"about":[{"href":"https:\/\/termet.pinmedia.com.pl\/en\/wp-json\/wp\/v2\/types\/post"}],"author":[{"embeddable":true,"href":"https:\/\/termet.pinmedia.com.pl\/en\/wp-json\/wp\/v2\/users\/2"}],"replies":[{"embeddable":true,"href":"https:\/\/termet.pinmedia.com.pl\/en\/wp-json\/wp\/v2\/comments?post=12494"}],"version-history":[{"count":0,"href":"https:\/\/termet.pinmedia.com.pl\/en\/wp-json\/wp\/v2\/posts\/12494\/revisions"}],"wp:attachment":[{"href":"https:\/\/termet.pinmedia.com.pl\/en\/wp-json\/wp\/v2\/media?parent=12494"}],"wp:term":[{"taxonomy":"category","embeddable":true,"href":"https:\/\/termet.pinmedia.com.pl\/en\/wp-json\/wp\/v2\/categories?post=12494"},{"taxonomy":"post_tag","embeddable":true,"href":"https:\/\/termet.pinmedia.com.pl\/en\/wp-json\/wp\/v2\/tags?post=12494"}],"curies":[{"name":"wp","href":"https:\/\/api.w.org\/{rel}","templated":true}]}}